{"id":786,"date":"2023-11-08T16:48:00","date_gmt":"2023-11-08T16:48:00","guid":{"rendered":"https:\/\/invictusgamesd.wpenginepowered.com\/?p=786"},"modified":"2024-02-08T01:59:16","modified_gmt":"2024-02-08T01:59:16","slug":"une-semaine-pour-rendre-hommage-aux-militaires-et-aux-anciennes-combattantes-et-anciens-combattants-du-canada","status":"publish","type":"post","link":"https:\/\/invictusgames2025.ca\/fr\/latest-updates\/une-semaine-pour-rendre-hommage-aux-militaires-et-aux-anciennes-combattantes-et-anciens-combattants-du-canada\/","title":{"rendered":"Une semaine pour rendre hommage aux militaires et aux anciennes combattantes et anciens combattants du Canada"},"content":{"rendered":"\n<p>Cette semaine (du 5 au 11&nbsp;novembre) est la Semaine des ancien\u00b7ne\u00b7s combattant\u00b7e\u00b7s, une occasion pour nous de rendre hommage aux braves Canadien\u00b7ne\u00b7s qui ont servi leur pays avec courage et d\u00e9vouement.<\/p>\n\n\n\n<p>Bien que toute la Semaine des ancien\u00b7ne\u00b7s combattant\u00b7e\u00b7s est un temps id\u00e9al pour en apprendre davantage et r\u00e9fl\u00e9chir, elle est marqu\u00e9e par deux jours importants \u2013 la Journ\u00e9e nationale des ancien\u00b7ne\u00b7s combattant\u00b7e\u00b7s autochtones (8&nbsp;novembre) et le jour du Souvenir (11&nbsp;novembre).<\/p>\n\n\n\n<p><strong>Qu\u2019est-ce que la Journ\u00e9e nationale des v\u00e9t\u00e9rans autochtones et pourquoi est-elle importante?<\/strong><\/p>\n\n\n\n<p>Le 8&nbsp;novembre, la population canadienne rend hommage aux membres des Premi\u00e8res Nations, des M\u00e9tis et des Inuits qui ont servi le Canada en temps de guerre et de paix depuis plus de 200&nbsp;ans, d\u00e8s la Guerre de 1812 \u00e0 la guerre en Afghanistan, sans oublier les deux Guerres mondiales, et qui continuent de servir.<\/p>\n\n\n\n<p>Cette journ\u00e9e, qui a tout d\u2019abord \u00e9t\u00e9 observ\u00e9e \u00e0 Winnipeg le 8&nbsp;novembre 1994, est maintenant c\u00e9l\u00e9br\u00e9e \u00e0 l\u2019\u00e9chelle nationale.On compte quelque 23&nbsp;000&nbsp;ancien\u00b7ne\u00b7s combattant\u00b7e\u00b7s autochtones et plus de 2&nbsp;700&nbsp;Autochtones servent actuellement au sein des forces militaires canadiennes.<\/p>\n\n\n\n<p>Des milliers d\u2019Autochtones ont fi\u00e8rement port\u00e9 l\u2019uniforme pendant la Premi\u00e8re Guerre mondiale, la Seconde Guerre mondiale et la guerre de Cor\u00e9e. De nombreuses communaut\u00e9s autochtones ont \u00e9galement contribu\u00e9 aux efforts de guerre de notre pays d\u2019autres fa\u00e7ons.<\/p>\n\n\n\n<p>Toutefois, malgr\u00e9 leur service au pays et leurs sacrifices sur les lignes de front, les ancien\u00b7ne\u00b7s combattant\u00b7e\u00b7s autochtones ont fait l\u2019objet de nombreuses injustices et de discrimination. Le gouvernement du Canada a expropri\u00e9 des centaines de milliers d\u2019acres de terres des r\u00e9serves pendant cette p\u00e9riode. Il s\u2019est \u00e9galement appropri\u00e9 certaines terres Autochtones pour les donner \u00e0 des personnes non autochtones dans le cadre d\u2019un programme visant \u00e0 accorder des terres agricoles pour les ancien\u00b7ne\u00b7s combattant\u00b7e\u00b7s de retour au pays \u2013 un programme de r\u00e9tablissement auquel les ancien\u00b7ne\u00b7s combattant\u00b7e\u00b7s autochtones n\u2019avaient g\u00e9n\u00e9ralement pas acc\u00e8s. Souvent, on leur refusait l\u2019acc\u00e8s \u00e0 toutes les prestations et aides accord\u00e9es aux autres ancien\u00b7ne\u00b7s combattant\u00b7e\u00b7s, ce qui compromettait leur transition vers la vie civile. Certain\u00b7e\u00b7s ont m\u00eame d\u00fb renoncer \u00e0 leur statut des Premi\u00e8res Nations pour b\u00e9n\u00e9ficier des prestations.<\/p>\n\n\n\n<p>Des d\u00e9cennies de militantisme, d\u2019activisme et de protestation ont men\u00e9 \u00e0 des excuses officielles du gouvernement f\u00e9d\u00e9ral en 2002 ainsi qu\u2019\u00e0 une compensation pour les ancien\u00b7ne\u00b7s combattant\u00b7e\u00b7s des Premi\u00e8res Nations. En 2019, les ancien\u00b7ne\u00b7s combattant\u00b7e\u00b7s m\u00e9tis\u00b7se\u00b7s ont \u00e9galement re\u00e7u des excuses et une promesse de compensation en reconnaissance du fait qu\u2019ils, elles et ielles n\u2019avaient pas droit aux m\u00eames prestations et au m\u00eame soutien \u00e0 la r\u00e9int\u00e9gration que les autres Canadien\u00b7ne\u00b7s apr\u00e8s la guerre.<\/p>\n\n\n\n<p>\u00c0 l\u2019occasion de la Journ\u00e9e nationale des ancien\u00b7ne\u00b7s combattant\u00b7e\u00b7s autochtones, nous rendons hommage au service, au combat, au courage et aux sacrifices de toutes les personnes qui servent notre pays, chez nous et ailleurs, et ce, depuis des g\u00e9n\u00e9rations.<\/p>\n\n\n\n<p><strong>Jour du Souvenir \u2013 le 11&nbsp;novembre<\/strong><\/p>\n\n\n\n<p>Tous les ans, le 11&nbsp;novembre, la population canadienne se rassemble et observe un moment de silence pour se souvenir de rendre hommage aux femmes et aux hommes qui ont servi, et qui continuent de servir, notre pays en temps de guerre, de conflit et de paix.<\/p>\n\n\n\n<p>Nous rendons hommage aux 2,3&nbsp;millions de Canadiennes et Canadiens qui ont servi leur pays et aux 118&nbsp;000&nbsp;militaires qui ont sacrifi\u00e9 leur vie pendant la Premi\u00e8re Guerre mondiale (1914-1918), la Seconde Guerre mondiale (1939-1945) et la guerre de Cor\u00e9e (1950-1953) ainsi que ceux et celles qui ont servi depuis.<\/p>\n\n\n\n<p>Le jour du Souvenir, nous nous rappelons leur service et le sacrifice ultime que ces personnes ont fait pour prot\u00e9ger nos libert\u00e9s.<\/p>\n\n\n\n<p><strong>Comment puis-je participer et en apprendre davantage au sujet de la Semaine des ancien\u00b7ne\u00b7s combattant\u00b7te\u00b7s?<\/strong><\/p>\n\n\n\n<ul class=\"wp-block-list\">\n<li><strong>Participez \u00e0 une activit\u00e9 comm\u00e9morative&nbsp;:&nbsp;<\/strong>Plusieurs villes partout au Canada organiseront des c\u00e9r\u00e9monies et \u00e9v\u00e9nements sp\u00e9ciaux pour souligner la Semaine des ancien\u00b7ne\u00b7s combattant\u00b7te\u00b7s, y compris la Journ\u00e9e nationale des ancien\u00b7ne\u00b7s combattant\u00b7te\u00b7s autochtones et le jour du Souvenir. Vous pouvez trouver les<a href=\"https:\/\/www.veterans.gc.ca\/fra\/remembrance\/commemorative-events\">activit\u00e9s comm\u00e9moratives organis\u00e9es partout au Canada pendant la Semaine des ancien\u00b7ne\u00b7s combattant\u00b7te\u00b7s ici<\/a>&nbsp;ou&nbsp;<a href=\"https:\/\/www.legion.ca\/fr\/souvenir\/jour-du-souvenir\/ceremonies-du-jour-du-souvenir\">votre c\u00e9r\u00e9monie locale du jour du Souvenir ici.<\/a><\/li>\n<\/ul>\n\n\n\n<ul class=\"wp-block-list\">\n<li><strong>Apprenez-en davantage en lisant des r\u00e9cits de service&nbsp;:&nbsp;<\/strong>Consultez cette collection de&nbsp;<a href=\"https:\/\/www.veterans.gc.ca\/fra\/remembrance\/get-involved\/veterans-week\/learning-resources\">ressources d\u2019apprentissage<\/a>&nbsp;de la Semaine des ancien\u00b7ne\u00b7s combattant\u00b7e\u00b7s du gouvernement du Canada ainsi que ces&nbsp;<a href=\"https:\/\/www.veterans.gc.ca\/fra\/remembrance\/people-and-stories\">r\u00e9cits incroyables d\u2019ancien\u00b7ne\u00b7s combattant\u00b7te\u00b7s canadien\u00b7ne\u00b7s<\/a>, y compris une excellente collection de r\u00e9cits d\u2019<a href=\"https:\/\/www.veterans.gc.ca\/fra\/remembrance\/people-and-stories\/indigenous-veterans\">ancien\u00b7ne\u00b7s combattant\u00b7te\u00b7s autochtones<\/a>.<\/li>\n<\/ul>\n\n\n\n<ul class=\"wp-block-list\">\n<li><strong>Montrez votre soutien \u00e0 l\u2019aide d\u2019un coquelicot&nbsp;:<\/strong>&nbsp;Chaque ann\u00e9e, du dernier vendredi d\u2019octobre au 11&nbsp;novembre, des dizaines de millions de Canadien\u00b7ne\u00b7s portent un coquelicot pour rendre hommage aux ancien\u00b7ne\u00b7s combattant\u00b7e\u00b7s canadien\u00b7ne\u00b7s et se rappeler ceux et celles qui se sont sacrifi\u00e9 pour les libert\u00e9s dont nous profitons aujourd\u2019hui.Apprenez-en davantage sur&nbsp;<a href=\"https:\/\/www.legion.ca\/fr\/souvenir\/la-campagne-du-coquelicot\">l\u2019importance du coquelicot ici<\/a>.<\/li>\n<\/ul>\n\n\n\n<ul class=\"wp-block-list\">\n<li><strong>Prenez un moment de r\u00e9flexion personnelle ou observez deux minutes de silence&nbsp;:<\/strong>&nbsp;\u00c0 la 11e&nbsp;heure, le 11e&nbsp;jour du 11e&nbsp;mois, soit l\u2019heure, le jour et le mois pr\u00e9cis quand, en 1918, les hostilit\u00e9s de la Premi\u00e8re Guerre mondiale ont cess\u00e9. La population canadienne fait une pause pour observer deux minutes de silence afin de rendre hommage \u00e0 la m\u00e9moire des militaires et de reconna\u00eetre leurs sacrifices. Apprenez-en davantage sur l\u2019importance des&nbsp;<a href=\"https:\/\/www.legion.ca\/fr\/souvenir\/souvenir-toute-l-annee\/deux-minutes-de-silence\">deux minutes de silence ici<\/a>.<\/li>\n<\/ul>\n\n\n\n<p><strong>Jeux Invictus de 2025&nbsp;: Accueillir le monde sur les terres autochtones<\/strong><\/p>\n\n\n\n<p>Les Jeux Invictus de Vancouver-Whistler&nbsp;2025 accueilleront jusqu\u2019\u00e0 550&nbsp;concurrent\u00b7e\u00b7s repr\u00e9sentant 25&nbsp;pays pour participer aux premiers Jeux d\u2019hiver de l\u2019histoire des Jeux Invictus. Avec leurs familles, leurs proches et le monde entier qui les encouragent, ces militaires et ancien\u00b7ne\u00b7s combattant\u00b7te\u00b7s bless\u00e9\u00b7e\u00b7s et malades d\u00e9couvriront le pouvoir in\u00e9gal\u00e9 du sport pour les aider \u00e0 se r\u00e9tablir.<\/p>\n\n\n\n<p>Les Jeux auront lieu sur les territoires traditionnels des nations Lil\u0313wat7\u00fal (<a href=\"https:\/\/lilwat.ca\/\">L\u00edl\u0313wat<\/a>), x\u02b7m\u0259\u03b8k\u02b7\u0259y\u0313\u0259m (<a href=\"https:\/\/www.musqueam.bc.ca\/\">Musqueam<\/a>), S\u1e35wx\u0331w\u00fa7mesh (<a href=\"https:\/\/www.squamish.net\/\">Squamish<\/a>) et s\u0259lilw\u0259ta\u026c (<a href=\"https:\/\/twnation.ca\/\">Tsleil-Waututh<\/a>) Nations.<\/p>\n\n\n\n<p>Le comit\u00e9 d\u2019organisation des Jeux Invictus collabore \u00e9troitement avec chacune des Nations pour satisfaire aux appels \u00e0 l\u2019action de la Commission de v\u00e9rit\u00e9 et r\u00e9conciliation du Canada et pour respecter les protocoles autochtones dans tous les aspects des Jeux.<\/p>\n","protected":false},"excerpt":{"rendered":"<p>Cette semaine (du 5 au 11&nbsp;novembre) est la Semaine des ancien\u00b7ne\u00b7s combattant\u00b7e\u00b7s, une occasion pour nous de rendre hommage aux braves Canadien\u00b7ne\u00b7s qui ont&#8230;<\/p>\n","protected":false},"author":1,"featured_media":345,"comment_status":"open","ping_status":"open","sticky":false,"template":"","format":"standard","meta":{"_acf_changed":false,"_monsterinsights_skip_tracking":false,"_monsterinsights_sitenote_active":false,"_monsterinsights_sitenote_note":"","_monsterinsights_sitenote_category":0,"_uf_show_specific_survey":0,"_uf_disable_surveys":false,"footnotes":""},"categories":[15],"tags":[],"class_list":["post-786","post","type-post","status-publish","format-standard","has-post-thumbnail","hentry","category-histoires"],"acf":[],"aioseo_notices":[],"jetpack_featured_media_url":"https:\/\/invictusgames2025.ca\/wp-content\/uploads\/2024\/01\/military.webp","_links":{"self":[{"href":"https:\/\/invictusgames2025.ca\/fr\/wp-json\/wp\/v2\/posts\/786","targetHints":{"allow":["GET"]}}],"collection":[{"href":"https:\/\/invictusgames2025.ca\/fr\/wp-json\/wp\/v2\/posts"}],"about":[{"href":"https:\/\/invictusgames2025.ca\/fr\/wp-json\/wp\/v2\/types\/post"}],"author":[{"embeddable":true,"href":"https:\/\/invictusgames2025.ca\/fr\/wp-json\/wp\/v2\/users\/1"}],"replies":[{"embeddable":true,"href":"https:\/\/invictusgames2025.ca\/fr\/wp-json\/wp\/v2\/comments?post=786"}],"version-history":[{"count":0,"href":"https:\/\/invictusgames2025.ca\/fr\/wp-json\/wp\/v2\/posts\/786\/revisions"}],"wp:featuredmedia":[{"embeddable":true,"href":"https:\/\/invictusgames2025.ca\/fr\/wp-json\/wp\/v2\/media\/345"}],"wp:attachment":[{"href":"https:\/\/invictusgames2025.ca\/fr\/wp-json\/wp\/v2\/media?parent=786"}],"wp:term":[{"taxonomy":"category","embeddable":true,"href":"https:\/\/invictusgames2025.ca\/fr\/wp-json\/wp\/v2\/categories?post=786"},{"taxonomy":"post_tag","embeddable":true,"href":"https:\/\/invictusgames2025.ca\/fr\/wp-json\/wp\/v2\/tags?post=786"}],"curies":[{"name":"wp","href":"https:\/\/api.w.org\/{rel}","templated":true}]}}